{"id":39057,"date":"2025-12-03T12:14:16","date_gmt":"2025-12-03T12:14:16","guid":{"rendered":"https:\/\/www.finsdesiecles-artdeco.com\/?p=39057"},"modified":"2025-12-03T12:14:18","modified_gmt":"2025-12-03T12:14:18","slug":"por-que-alquilar-muebles-art-deco-puede-transformar-tu-shooting-o-rodaje-parte-2","status":"publish","type":"post","link":"https:\/\/www.finsdesiecles-artdeco.com\/es\/por-que-alquilar-muebles-art-deco-puede-transformar-tu-shooting-o-rodaje-parte-2\/","title":{"rendered":"Por qu\u00e9 alquilar muebles Art D\u00e9co puede transformar tu shooting o rodaje \u2013 Parte 2"},"content":{"rendered":"<p>\u2026y buscando siempre un valor escenogr\u00e1fico y visual diferente, numerosas productoras han confiado en <strong>Fins de Si\u00e8cles<\/strong> para lograr un impacto inmediato y una ambientaci\u00f3n cargada de estilo. Desde aqu\u00ed ofrecemos asesoramiento personalizado en funci\u00f3n del espacio y del mensaje que se desee transmitir. As\u00ed, el alquiler de muebles deja de ser una simple transacci\u00f3n para convertirse en parte de una propuesta est\u00e9tica, donde el glamur y la sofisticaci\u00f3n se equilibran de manera natural.<\/p><h2 class=\"wp-block-heading\" id=\"Discover_which_national_and_international_companies_have_placed_their_trust_in_Fins_de_Si\u00e8cles\">Descubre que compan\u00edas nacionales e internacionales han confiado en Fins de Si\u00e8cles.<\/h2><p><\/p><p>Podr\u00edamos citar m\u00faltiples colaboraciones en cine a lo largo de los a\u00f1os, pero destacan especialmente los filmes <strong>Los abrazos rotos<\/strong> (2009) y <strong>La piel que habito<\/strong> (2011), del internacionalmente reconocido <strong>Pedro Almod\u00f3var<\/strong>. En ellos, piezas originales Art Dec\u00f3 de los a\u00f1os 40 y 50 contribuyeron a recrear las atm\u00f3sferas \u00fanicas de su filmograf\u00eda, combinando estilos y materiales diversos.<\/p><p>Tambi\u00e9n la plataforma<strong> Netflix <\/strong>y sus productoras confiaron en nuestro mobiliario, incorporando piezas de las d\u00e9cadas de 1930 a 1950 en la cuarta temporada de la serie <strong>The Crown <\/strong>(2020).<\/p><p>De la gran pantalla pasamos a los escenarios: nuestros muebles formaron parte de la escenograf\u00eda del <strong>Gran Teatre del Liceu<\/strong> durante un recital de la reconocida cantante <strong>Luz Casal <\/strong>en 2011.<\/p><h2 class=\"wp-block-heading\" id=\"Discover_which_national_and_international_companies_have_placed_their_trust_in_Fins_de_Si\u00e8cles\">Menci\u00f3n especial a nuestra colaboraci\u00f3n con la publicidad y prensa.<\/h2><p><\/p><p>A esta muestra se suma la extensa colaboraci\u00f3n con productoras para la creaci\u00f3n de <strong>spots publicitarios<\/strong> de marcas nacionales e internacionales de los m\u00e1s variados sectores: refrescos, moda, calzado y muchos m\u00e1s.<\/p><p>Tampoco podemos dejar de mencionar nuestra presencia en prestigiosas publicaciones como AD (USA y Espa\u00f1a), Ideat (Francia), Knack (B\u00e9lgica), Vivir (La Vanguardia), Phllistine, Hercules, B-Guided, Nuevo Estilo, Estilo Cl\u00e1sico o Pilote Urbain, entre otras y que pod\u00e9is ver en el apartado <strong>Prensa<\/strong><\/p><p>En definitiva, la est\u00e9tica del siglo XX \u2014inspirada en los a\u00f1os 20, 30 y 40, y enriquecida con la creatividad del estilo mid-century de los 50 y 60\u2014 ha entrado con fuerza en la decoraci\u00f3n, el cine y la publicidad. <strong>Fins de Si\u00e8cles<\/strong> ofrece una selecci\u00f3n \u00fanica de piezas aut\u00e9nticas, cuidadosamente restauradas y listas para transformar cualquier espacio en una experiencia sensorial inolvidable.<\/p><p><\/p>","protected":false},"excerpt":{"rendered":"<p>Descubre que compan\u00edas nacionales e internacionales han confiado en Fins de Si\u00e8cles.<\/p>\n","protected":false},"author":5,"featured_media":39054,"comment_status":"closed","ping_status":"open","sticky":false,"template":"","format":"standard","meta":{"_editorskit_title_hidden":false,"_editorskit_reading_time":0,"_editorskit_is_block_options_detached":false,"_editorskit_block_options_position":"{}","inline_featured_image":false,"footnotes":""},"categories":[1213],"tags":[],"class_list":["post-39057","post","type-post","status-publish","format-standard","has-post-thumbnail","hentry","category-blog-es"],"featured_image_src":"https:\/\/www.finsdesiecles-artdeco.com\/wp-content\/uploads\/2025\/12\/foto-blog-600x400.jpg","featured_image_src_square":"https:\/\/www.finsdesiecles-artdeco.com\/wp-content\/uploads\/2025\/12\/foto-blog-600x600.jpg","author_info":{"display_name":"BegoBarrena","author_link":"https:\/\/www.finsdesiecles-artdeco.com\/es\/author\/begobarrena\/"},"_links":{"self":[{"href":"https:\/\/www.finsdesiecles-artdeco.com\/es\/wp-json\/wp\/v2\/posts\/39057","targetHints":{"allow":["GET"]}}],"collection":[{"href":"https:\/\/www.finsdesiecles-artdeco.com\/es\/wp-json\/wp\/v2\/posts"}],"about":[{"href":"https:\/\/www.finsdesiecles-artdeco.com\/es\/wp-json\/wp\/v2\/types\/post"}],"author":[{"embeddable":true,"href":"https:\/\/www.finsdesiecles-artdeco.com\/es\/wp-json\/wp\/v2\/users\/5"}],"replies":[{"embeddable":true,"href":"https:\/\/www.finsdesiecles-artdeco.com\/es\/wp-json\/wp\/v2\/comments?post=39057"}],"version-history":[{"count":1,"href":"https:\/\/www.finsdesiecles-artdeco.com\/es\/wp-json\/wp\/v2\/posts\/39057\/revisions"}],"predecessor-version":[{"id":39058,"href":"https:\/\/www.finsdesiecles-artdeco.com\/es\/wp-json\/wp\/v2\/posts\/39057\/revisions\/39058"}],"wp:featuredmedia":[{"embeddable":true,"href":"https:\/\/www.finsdesiecles-artdeco.com\/es\/wp-json\/wp\/v2\/media\/39054"}],"wp:attachment":[{"href":"https:\/\/www.finsdesiecles-artdeco.com\/es\/wp-json\/wp\/v2\/media?parent=39057"}],"wp:term":[{"taxonomy":"category","embeddable":true,"href":"https:\/\/www.finsdesiecles-artdeco.com\/es\/wp-json\/wp\/v2\/categories?post=39057"},{"taxonomy":"post_tag","embeddable":true,"href":"https:\/\/www.finsdesiecles-artdeco.com\/es\/wp-json\/wp\/v2\/tags?post=39057"}],"curies":[{"name":"wp","href":"https:\/\/api.w.org\/{rel}","templated":true}]}}