{"id":37301,"date":"2025-09-08T09:36:42","date_gmt":"2025-09-08T09:36:42","guid":{"rendered":"https:\/\/www.finsdesiecles-artdeco.com\/?p=37301"},"modified":"2025-09-08T09:39:29","modified_gmt":"2025-09-08T09:39:29","slug":"conseils-pour-integrer-des-meubles-art-deco-vintage-dans-un-interieur-moderne","status":"publish","type":"post","link":"https:\/\/www.finsdesiecles-artdeco.com\/fr\/conseils-pour-integrer-des-meubles-art-deco-vintage-dans-un-interieur-moderne\/","title":{"rendered":"Conseils pour Int\u00e9grer des Meubles Art D\u00e9co Vintage dans un Int\u00e9rieur Moderne"},"content":{"rendered":"<p>Si vous \u00eates passionn\u00e9 de d\u00e9coration int\u00e9rieure et souhaitez apporter de la personnalit\u00e9 \u00e0 votre int\u00e9rieur avec des pi\u00e8ces charg\u00e9es d&rsquo;histoire et de style, int\u00e9grer des meubles Art d\u00e9co vintage pourrait \u00eatre la solution. Ce mouvement esth\u00e9tique, qui a marqu\u00e9 le design du XXe si\u00e8cle, notamment dans les ann\u00e9es 1920, 1930, 1940, et m\u00eame 1950 et 1960, reste une puissante source d&rsquo;inspiration pour la d\u00e9coration moderne. Sa capacit\u00e9 \u00e0 dialoguer avec le design contemporain est ce qui le rend de plus en plus pris\u00e9.<\/p><h2 class=\"wp-block-heading\">Le Charme des Meubles Vintage dans les Espaces Contemporains<\/h2><h3 class=\"wp-block-heading\">Une Fusion entre Design Moderne et XXe Si\u00e8cle<\/h3><p>Le m\u00e9lange de modernit\u00e9 et de classique est plus vivant que jamais. Int\u00e9grer des meubles Art d\u00e9co \u00e0 des espaces contemporains cr\u00e9e une atmosph\u00e8re unique alliant innovation et \u00e9l\u00e9gance. Ce mobilier se distingue par ses formes g\u00e9om\u00e9triques, ses mat\u00e9riaux nobles et ses finitions raffin\u00e9es, des \u00e9l\u00e9ments qui s&rsquo;int\u00e8grent harmonieusement dans des environnements minimalistes ou modernes.<\/p><h3 class=\"wp-block-heading\">La Red\u00e9couverte des Int\u00e9rieurs Art D\u00e9co<\/h3><p>Les int\u00e9rieurs Art d\u00e9co sont redevenus tendance pour ceux qui recherchent une esth\u00e9tique raffin\u00e9e et pleine de caract\u00e8re. Leur valeur est non seulement visuelle, mais aussi symbolique : ils \u00e9voquent une \u00e9poque d&rsquo;avant-garde, d&rsquo;optimisme et de sophistication. Les int\u00e9grer \u00e0 votre int\u00e9rieur, c&rsquo;est choisir une d\u00e9coration qui a de l&rsquo;\u00e2me.<\/p><h2 class=\"wp-block-heading\">Cl\u00e9 1 \u2013 Choisir des Pi\u00e8ces Art d\u00e9co Affirm\u00e9es<\/h2><p>Il ne s&rsquo;agit pas de remplir chaque recoin d&rsquo;antiquit\u00e9s, mais de s\u00e9lectionner judicieusement des pi\u00e8ces qui serviront de points de mire visuels. Un buffet, une chaise tapiss\u00e9e ou un miroir Art D\u00e9co peuvent transformer une pi\u00e8ce. Trois ou quatre pi\u00e8ces bien choisies suffisent \u00e0 donner \u00e0 votre espace une identit\u00e9 unique.<\/p><h2 class=\"wp-block-heading\">Cl\u00e9 2 \u2013 Contraster les Textures et les Mat\u00e9riaux<\/h2><p>L&rsquo;une des caract\u00e9ristiques du style Art D\u00e9co est l&rsquo;utilisation de mat\u00e9riaux nobles comme le marbre, le laiton et les bois pr\u00e9cieux. Leur association avec des textures contemporaines, comme le b\u00e9ton poli ou les tissus organiques, cr\u00e9e contraste et dynamisme. L&rsquo;interaction des oppos\u00e9s g\u00e9n\u00e8re une narration visuellement riche.<\/p><h2 class=\"wp-block-heading\">Cl\u00e9 3 \u2013 Utiliser l&rsquo;Eclairage Art D\u00e9co pour Renforcer le Style<\/h2><p>Choisir la bonne lampe Art D\u00e9co n&rsquo;est pas seulement une question de fonction : elle d\u00e9finit l&rsquo;ambiance. Abat-jour opalins, finitions m\u00e9talliques et formes g\u00e9om\u00e9triques typiques du mouvement ajoutent une touche sc\u00e9nographique qui met en valeur le mobilier vintage ou ancien.<\/p><h2 class=\"wp-block-heading\">Cl\u00e9 4 \u2013 Ajoutez de Petites Touches d&rsquo;Identit\u00e9<\/h2><p>Ne sous-estimez pas le pouvoir des d\u00e9tails. Les accessoires Art D\u00e9co, comme les statues, les horloges, les tableaux ou les vases, contribuent \u00e0 maintenir une coh\u00e9rence stylistique sans surcharger l&rsquo;espace. Vous pouvez \u00e9galement int\u00e9grer des motifs Art D\u00e9co dans les textiles ou le papier peint pour cr\u00e9er une atmosph\u00e8re plus immersive.<\/p><h2 class=\"wp-block-heading\">Cl\u00e9 5 \u2013 Une Palette de Couleurs pour une D\u00e9coration Int\u00e9rieure Harmonieuse<\/h2><p>Ce style se marie parfaitement avec des tons profonds et riches : vert \u00e9meraude, bleu nuit, bordeaux, mais aussi des couleurs plus claires comme le beige, l&rsquo;ivoire et le vert c\u00e9ladon. Cette palette permet d&rsquo;harmoniser vos meubles vintage avec un d\u00e9cor moderne, cr\u00e9ant une connexion harmonieuse et naturelle.<\/p><h2 class=\"wp-block-heading\">Conclusion \u2013 \u00c9quilibrer le Pass\u00e9 et le Pr\u00e9sent<\/h2><p>L&rsquo;Art d\u00e9co est plus qu&rsquo;une tendance passag\u00e8re : c&rsquo;est une fa\u00e7on d&rsquo;appr\u00e9hender le design comme un patrimoine vivant. Int\u00e9grer des meubles Art D\u00e9co \u00e0 votre int\u00e9rieur, c&rsquo;est adopter l&rsquo;\u00e9quilibre parfait entre classique et contemporain. En fin de compte, c&rsquo;est une d\u00e9claration de style personnelle : coh\u00e9rente, \u00e9l\u00e9gante et charg\u00e9e d&rsquo;histoire.<\/p>","protected":false},"excerpt":{"rendered":"<p>Si vous \u00eates passionn\u00e9 de d\u00e9coration int\u00e9rieure et souhaitez apporter de la personnalit\u00e9 \u00e0 votre int\u00e9rieur avec des pi\u00e8ces charg\u00e9es d&rsquo;histoire et de style, int\u00e9grer des meubles Art d\u00e9co vintage pourrait \u00eatre la solution. Ce mouvement esth\u00e9tique, qui a marqu\u00e9 le design du XXe si\u00e8cle, notamment dans les ann\u00e9es 1920, 1930, 1940, et m\u00eame 1950<a class=\"more-link\" href=\"https:\/\/www.finsdesiecles-artdeco.com\/fr\/conseils-pour-integrer-des-meubles-art-deco-vintage-dans-un-interieur-moderne\/\">Read more  &#10230;<\/a><\/p>\n","protected":false},"author":2,"featured_media":35481,"comment_status":"closed","ping_status":"open","sticky":false,"template":"","format":"standard","meta":{"_editorskit_title_hidden":false,"_editorskit_reading_time":0,"_editorskit_is_block_options_detached":false,"_editorskit_block_options_position":"{}","inline_featured_image":false,"footnotes":""},"categories":[1307],"tags":[],"class_list":["post-37301","post","type-post","status-publish","format-standard","has-post-thumbnail","hentry","category-blog-fr"],"featured_image_src":"https:\/\/www.finsdesiecles-artdeco.com\/wp-content\/uploads\/2025\/06\/blog_claves_muebles_vintage-600x400.jpg","featured_image_src_square":"https:\/\/www.finsdesiecles-artdeco.com\/wp-content\/uploads\/2025\/06\/blog_claves_muebles_vintage-600x600.jpg","author_info":{"display_name":"ideadmin","author_link":"https:\/\/www.finsdesiecles-artdeco.com\/fr\/author\/ideadmin\/"},"_links":{"self":[{"href":"https:\/\/www.finsdesiecles-artdeco.com\/fr\/wp-json\/wp\/v2\/posts\/37301","targetHints":{"allow":["GET"]}}],"collection":[{"href":"https:\/\/www.finsdesiecles-artdeco.com\/fr\/wp-json\/wp\/v2\/posts"}],"about":[{"href":"https:\/\/www.finsdesiecles-artdeco.com\/fr\/wp-json\/wp\/v2\/types\/post"}],"author":[{"embeddable":true,"href":"https:\/\/www.finsdesiecles-artdeco.com\/fr\/wp-json\/wp\/v2\/users\/2"}],"replies":[{"embeddable":true,"href":"https:\/\/www.finsdesiecles-artdeco.com\/fr\/wp-json\/wp\/v2\/comments?post=37301"}],"version-history":[{"count":0,"href":"https:\/\/www.finsdesiecles-artdeco.com\/fr\/wp-json\/wp\/v2\/posts\/37301\/revisions"}],"wp:featuredmedia":[{"embeddable":true,"href":"https:\/\/www.finsdesiecles-artdeco.com\/fr\/wp-json\/wp\/v2\/media\/35481"}],"wp:attachment":[{"href":"https:\/\/www.finsdesiecles-artdeco.com\/fr\/wp-json\/wp\/v2\/media?parent=37301"}],"wp:term":[{"taxonomy":"category","embeddable":true,"href":"https:\/\/www.finsdesiecles-artdeco.com\/fr\/wp-json\/wp\/v2\/categories?post=37301"},{"taxonomy":"post_tag","embeddable":true,"href":"https:\/\/www.finsdesiecles-artdeco.com\/fr\/wp-json\/wp\/v2\/tags?post=37301"}],"curies":[{"name":"wp","href":"https:\/\/api.w.org\/{rel}","templated":true}]}}