{"id":37304,"date":"2025-09-08T09:46:15","date_gmt":"2025-09-08T09:46:15","guid":{"rendered":"https:\/\/www.finsdesiecles-artdeco.com\/?p=37304"},"modified":"2025-12-02T12:22:07","modified_gmt":"2025-12-02T12:22:07","slug":"pourquoi-la-location-de-mobilier-art-deco-peut-transformer-votre-plateau-de-tournage-ou-de-cinema","status":"publish","type":"post","link":"https:\/\/www.finsdesiecles-artdeco.com\/fr\/pourquoi-la-location-de-mobilier-art-deco-peut-transformer-votre-plateau-de-tournage-ou-de-cinema\/","title":{"rendered":"Pourquoi la Location de Mobilier Art D\u00e9co peut Transformer votre Plateau de Tournage ou de Cin\u00e9ma &#8211; Partie 1"},"content":{"rendered":"<p>D\u00e9couvrez comment louer des meubles et luminaires Art D\u00e9co originaux apporte l&rsquo;\u00e9l\u00e9gance vintage XXeme Si\u00e8cle \u00e0 vos tournages et sessions photos. Dans un monde satur\u00e9 de productions visuelles et de publicit\u00e9s de plus en plus exigeantes, il est essentiel de se d\u00e9marquer. Si vous recherchez un impact visuel imm\u00e9diat et un d\u00e9cor plein de style, la location de mobilier Art d\u00e9co est une d\u00e9cision judicieuse. Cette esth\u00e9tique du XXe si\u00e8cle, fa\u00e7onn\u00e9e par les styles des ann\u00e9es 1920, 1930 et 1940, et m\u00eame impr\u00e9gn\u00e9e de l&rsquo;inventivit\u00e9 du look mid-century des ann\u00e9es 1950, fait un retour en force dans les domaines de la d\u00e9coration d&rsquo;int\u00e9rieur, du cin\u00e9ma et de la publicit\u00e9. Fins de Si\u00e8cles Art D\u00e9co propose une s\u00e9lection unique pour transformer n&rsquo;importe quel espace en une exp\u00e9rience sensorielle compl\u00e8te.<\/p><h2 class=\"wp-block-heading\">Pourquoi la Location de Mobilier Art D\u00e9co fait toute la Diff\u00e9rence<\/h2><h3 class=\"wp-block-heading\">Une Valeur Sc\u00e9nographique et Visuelle Imm\u00e9diate<\/h3><p>Le mobilier pour les tournages, les plateaux de cin\u00e9ma, les photos ou la publicit\u00e9 issu de l&rsquo;univers Art D\u00e9co offre un impact visuel puissant. D&rsquo;une lampe Art D\u00e9co \u00e0 un fauteuil aux lignes g\u00e9om\u00e9triques, chaque pi\u00e8ce devient un point central. Ce style ne se contente pas de d\u00e9corer, il plante le d\u00e9cor et transmet une \u00e9poque. L&rsquo;\u00e9quipe de production ou le public remarquera la diff\u00e9rence d\u00e8s qu&rsquo;il entrera dans l&rsquo;espace.<\/p><h3 class=\"wp-block-heading\">Une El\u00e9gance Vintage Unique<\/h3><p>Le mobilier Art D\u00e9co se caract\u00e9rise par son m\u00e9lange de mat\u00e9riaux luxueux (marbre, velours, soie, bois rares et exotiques, placages clairs et fonc\u00e9s, laiton, bronze, m\u00e9taux polis, nickel, chrome et argent) et par sa capacit\u00e9 \u00e0 \u00e9voquer un luxe discret. Louer des meubles Art D\u00e9co, c&rsquo;est avoir acc\u00e8s \u00e0 des pi\u00e8ces uniques et donner \u00e0 votre \u00e9v\u00e9nement une esth\u00e9tique distinctive. C&rsquo;est l&rsquo;id\u00e9al pour ceux qui cherchent \u00e0 sortir de l&rsquo;ordinaire et \u00e0 cr\u00e9er un int\u00e9rieur Art D\u00e9co raffin\u00e9 et intemporel, avec des clins d&rsquo;\u0153il au style du milieu du si\u00e8cle.<\/p><h2 class=\"wp-block-heading\">Les Tournages et les Productions o\u00f9 les Meubles Art D\u00e9co Brillent<\/h2><h3 class=\"wp-block-heading\">Publicit\u00e9, Cin\u00e9ma et S\u00e9ances Photo<\/h3><p>Les directeurs artistiques et les photographes trouvent dans la location de mobilier Art D\u00e9co pour \u00e9v\u00e9nements une solution puissante et pratique. Ce style, qui s&rsquo;inspire \u00e0 la fois de l&rsquo;Art D\u00e9co classique et du design sophistiqu\u00e9 des ann\u00e9es 1950, ajoute du caract\u00e8re sans n\u00e9cessiter de d\u00e9cors \u00e9labor\u00e9s. Une lampe, une console et un fauteuil suffisent pour cr\u00e9er une ambiance authentique.<\/p><h2 class=\"wp-block-heading\">Types de Mobilier Art D\u00e9co Disponibles \u00e0 la Location <\/h2><h3 class=\"wp-block-heading\">Pi\u00e8ces Vintage Originales du XXe Si\u00e8cle<\/h3><p>Fins de Si\u00e8cles Art D\u00e9co vous donne acc\u00e8s \u00e0 du mobilier Art D\u00e9co authentique et restaur\u00e9, pr\u00eat \u00e0 \u00eatre utilis\u00e9 dans votre projet. Des tables basses aux buffets en passant par les fauteuils arrondis ou cubistes, chaque pi\u00e8ce est s\u00e9lectionn\u00e9e pour sa valeur esth\u00e9tique et son \u00e9tat, et fabriqu\u00e9e \u00e0 partir de mat\u00e9riaux de qualit\u00e9 qui font \u00e9cho aux d\u00e9cennies dor\u00e9es du design.<\/p><h3 class=\"wp-block-heading\">Lampes et El\u00e9ments D\u00e9coratifs Art D\u00e9co<\/h3><p>Une belle lampe Art D\u00e9co peut changer compl\u00e8tement l&rsquo;ambiance d&rsquo;une pi\u00e8ce. Les effets lumineux, les abatjours en tissu, les globes et coupes en verre grav\u00e9, les finitions opalines et les structures m\u00e9talliques conf\u00e8rent une sophistication impossible \u00e0 obtenir avec un \u00e9clairage standard. Associ\u00e9s \u00e0 d&rsquo;autres d\u00e9corations Art D\u00e9co, ils cr\u00e9ent des ambiances pleines d&rsquo;\u00e2me.<\/p><h3 class=\"wp-block-heading\">Ensembles Complets pour Int\u00e9rieurs Art D\u00e9co<\/h3><p>Si vous souhaitez recr\u00e9er des int\u00e9rieurs Art D\u00e9co coh\u00e9rents, vous pouvez louer des ensembles complets : canap\u00e9s, tables, si\u00e8ges, consoles, lampes, paravents, tableaux et objets d\u00e9coratifs, avec la possibilit\u00e9 d&rsquo;int\u00e9grer des pi\u00e8ces du milieu du si\u00e8cle pour un r\u00e9sultat professionnel en un temps record.<\/p><h2 class=\"wp-block-heading\">Pourquoi Choisir Fins de Si\u00e8cles Art D\u00e9co<\/h2><h3 class=\"wp-block-heading\">Un Catalogue d&rsquo;Antiquit\u00e9s Authentiques<\/h3><p>Contrairement \u00e0 d&rsquo;autres soci\u00e9t\u00e9s de location de mobilier, vous ne trouverez ici que des pi\u00e8ces authentiques du XXe si\u00e8cle, sans aucune r\u00e9plique. Chaque article du catalogue poss\u00e8de une histoire, un caract\u00e8re et une authenticit\u00e9, notamment des joyaux issus des mouvements Art D\u00e9co et Mid-Century des ann\u00e9es 1950.<\/p><h3 class=\"wp-block-heading\">Restauration Artisanale Sp\u00e9cialis\u00e9e<\/h3><p>Notre \u00e9quipe de restauration veille \u00e0 ce que chaque pi\u00e8ce soit impeccable tout en pr\u00e9servant son \u00e2me d&rsquo;origine. Tapisserie, laques et vernis, quincaillerie : tout est trait\u00e9 avec soin, en utilisant des techniques d&rsquo;\u00e9poque pour garantir des r\u00e9sultats fonctionnels et esth\u00e9tiques. Les mat\u00e9riaux nobles tels que le velours, le marbre ou le bronze sont trait\u00e9s avec le m\u00eame souci du d\u00e9tail qu&rsquo;\u00e0 leur apog\u00e9e.<\/p><h3 class=\"wp-block-heading\">Conseils de Style Personnalis\u00e9s<\/h3><p>Vous n&rsquo;avez pas besoin d&rsquo;\u00eatre un expert en d\u00e9coration ou en histoire de l&rsquo;art. Chez Fins de Si\u00e8cles Art D\u00e9co, nous vous offrons des conseils adapt\u00e9s \u00e0 votre espace et au message que vous souhaitez transmettre. La location de mobilier devient plus qu&rsquo;une simple transaction : elle s&rsquo;inscrit dans une proposition esth\u00e9tique sur mesure, alliant le glamour des ann\u00e9es 1930 \u00e0 la sophistication intelligente des ann\u00e9es 1950.<\/p>","protected":false},"excerpt":{"rendered":"<p>D\u00e9couvrez comment louer des meubles et luminaires Art D\u00e9co originaux apporte l&rsquo;\u00e9l\u00e9gance vintage XXeme Si\u00e8cle \u00e0 vos tournages et sessions photos. Dans un monde satur\u00e9 de productions visuelles et de publicit\u00e9s de plus en plus exigeantes, il est essentiel de se d\u00e9marquer. Si vous recherchez un impact visuel imm\u00e9diat et un d\u00e9cor plein de style,<a class=\"more-link\" href=\"https:\/\/www.finsdesiecles-artdeco.com\/fr\/pourquoi-la-location-de-mobilier-art-deco-peut-transformer-votre-plateau-de-tournage-ou-de-cinema\/\">Read more  &#10230;<\/a><\/p>\n","protected":false},"author":2,"featured_media":35455,"comment_status":"closed","ping_status":"open","sticky":false,"template":"","format":"standard","meta":{"_editorskit_title_hidden":false,"_editorskit_reading_time":0,"_editorskit_is_block_options_detached":false,"_editorskit_block_options_position":"{}","inline_featured_image":false,"footnotes":""},"categories":[1,1307],"tags":[],"class_list":["post-37304","post","type-post","status-publish","format-standard","has-post-thumbnail","hentry","category-uncategorized","category-blog-fr"],"featured_image_src":"https:\/\/www.finsdesiecles-artdeco.com\/wp-content\/uploads\/2025\/06\/blog_alquiler_muebles-600x400.jpg","featured_image_src_square":"https:\/\/www.finsdesiecles-artdeco.com\/wp-content\/uploads\/2025\/06\/blog_alquiler_muebles-600x600.jpg","author_info":{"display_name":"ideadmin","author_link":"https:\/\/www.finsdesiecles-artdeco.com\/fr\/author\/ideadmin\/"},"_links":{"self":[{"href":"https:\/\/www.finsdesiecles-artdeco.com\/fr\/wp-json\/wp\/v2\/posts\/37304","targetHints":{"allow":["GET"]}}],"collection":[{"href":"https:\/\/www.finsdesiecles-artdeco.com\/fr\/wp-json\/wp\/v2\/posts"}],"about":[{"href":"https:\/\/www.finsdesiecles-artdeco.com\/fr\/wp-json\/wp\/v2\/types\/post"}],"author":[{"embeddable":true,"href":"https:\/\/www.finsdesiecles-artdeco.com\/fr\/wp-json\/wp\/v2\/users\/2"}],"replies":[{"embeddable":true,"href":"https:\/\/www.finsdesiecles-artdeco.com\/fr\/wp-json\/wp\/v2\/comments?post=37304"}],"version-history":[{"count":1,"href":"https:\/\/www.finsdesiecles-artdeco.com\/fr\/wp-json\/wp\/v2\/posts\/37304\/revisions"}],"predecessor-version":[{"id":39013,"href":"https:\/\/www.finsdesiecles-artdeco.com\/fr\/wp-json\/wp\/v2\/posts\/37304\/revisions\/39013"}],"wp:featuredmedia":[{"embeddable":true,"href":"https:\/\/www.finsdesiecles-artdeco.com\/fr\/wp-json\/wp\/v2\/media\/35455"}],"wp:attachment":[{"href":"https:\/\/www.finsdesiecles-artdeco.com\/fr\/wp-json\/wp\/v2\/media?parent=37304"}],"wp:term":[{"taxonomy":"category","embeddable":true,"href":"https:\/\/www.finsdesiecles-artdeco.com\/fr\/wp-json\/wp\/v2\/categories?post=37304"},{"taxonomy":"post_tag","embeddable":true,"href":"https:\/\/www.finsdesiecles-artdeco.com\/fr\/wp-json\/wp\/v2\/tags?post=37304"}],"curies":[{"name":"wp","href":"https:\/\/api.w.org\/{rel}","templated":true}]}}